{"@context":"https:\/\/schema.org\/","@type":"CollectionPage","@id":"https:\/\/www.sais.sk\/moda\/#CollectionPage","headline":"M\u00f3da Category","description":"","url":"https:\/\/www.sais.sk\/moda\/","hasPart":[{"@type":"Article","@id":"https:\/\/www.sais.sk\/moda-je-pre-vsetkych\/","headline":"M\u00f3da je pre v\u0161etk\u00fdch","url":"https:\/\/www.sais.sk\/moda-je-pre-vsetkych\/","datePublished":"2024-02-16","dateModified":"2024-05-16","mainEntityOfPage":"https:\/\/www.sais.sk\/moda-je-pre-vsetkych\/","author":{"@type":"Person","@id":"https:\/\/www.sais.sk\/author\/#Person","name":"","url":"https:\/\/www.sais.sk\/author\/","identifier":1,"image":{"@type":"ImageObject","@id":"https:\/\/secure.gravatar.com\/avatar\/e4532b7f65738965bbad8697e5bd54c0628af7bffe8d3c856885c44d86978cee?s=96&d=mm&r=g","url":"https:\/\/secure.gravatar.com\/avatar\/e4532b7f65738965bbad8697e5bd54c0628af7bffe8d3c856885c44d86978cee?s=96&d=mm&r=g","height":96,"width":96}},"publisher":{"@type":"Organization","name":"sais.sk","logo":{"@type":"ImageObject","@id":"\/logo.png","url":"\/logo.png","width":600,"height":60}},"image":{"@type":"ImageObject","@id":"https:\/\/www.sais.sk\/wp-content\/uploads\/people-2576252_640_1.jpg","url":"https:\/\/www.sais.sk\/wp-content\/uploads\/people-2576252_640_1.jpg","height":0,"width":0},"keywords":null},{"@type":"Article","@id":"https:\/\/www.sais.sk\/vzor-kohutej-stopy-na-akych-kuskoch-vyzera-najlepsie\/","headline":"Vzor koh\u00fatej stopy &#8211; na ak\u00fdch k\u00faskoch vyzer\u00e1 najlep\u0161ie?","url":"https:\/\/www.sais.sk\/vzor-kohutej-stopy-na-akych-kuskoch-vyzera-najlepsie\/","datePublished":"2023-12-15","dateModified":"2024-03-15","mainEntityOfPage":"https:\/\/www.sais.sk\/vzor-kohutej-stopy-na-akych-kuskoch-vyzera-najlepsie\/","author":{"@type":"Person","@id":"https:\/\/www.sais.sk\/author\/#Person","name":"","url":"https:\/\/www.sais.sk\/author\/","identifier":1,"image":{"@type":"ImageObject","@id":"https:\/\/secure.gravatar.com\/avatar\/e4532b7f65738965bbad8697e5bd54c0628af7bffe8d3c856885c44d86978cee?s=96&d=mm&r=g","url":"https:\/\/secure.gravatar.com\/avatar\/e4532b7f65738965bbad8697e5bd54c0628af7bffe8d3c856885c44d86978cee?s=96&d=mm&r=g","height":96,"width":96}},"publisher":{"@type":"Organization","name":"sais.sk","logo":{"@type":"ImageObject","@id":"\/logo.png","url":"\/logo.png","width":600,"height":60}},"image":{"@type":"ImageObject","@id":"https:\/\/www.sais.sk\/wp-content\/uploads\/pexels-michael-burrows-7147573.jpg","url":"https:\/\/www.sais.sk\/wp-content\/uploads\/pexels-michael-burrows-7147573.jpg","height":0,"width":0},"keywords":null},{"@type":"Article","@id":"https:\/\/www.sais.sk\/chcete-byt-stylova-oblecte-sa-do-uzkych-nohavic\/","headline":"Chcete by\u0165 \u0161t\u00fdlov\u00e1? Oble\u010dte sa do \u00fazkych nohav\u00edc","url":"https:\/\/www.sais.sk\/chcete-byt-stylova-oblecte-sa-do-uzkych-nohavic\/","datePublished":"2020-02-18","dateModified":"2023-04-28","mainEntityOfPage":"https:\/\/www.sais.sk\/chcete-byt-stylova-oblecte-sa-do-uzkych-nohavic\/","author":{"@type":"Person","@id":"https:\/\/www.sais.sk\/author\/#Person","name":"","url":"https:\/\/www.sais.sk\/author\/","identifier":1,"image":{"@type":"ImageObject","@id":"https:\/\/secure.gravatar.com\/avatar\/e4532b7f65738965bbad8697e5bd54c0628af7bffe8d3c856885c44d86978cee?s=96&d=mm&r=g","url":"https:\/\/secure.gravatar.com\/avatar\/e4532b7f65738965bbad8697e5bd54c0628af7bffe8d3c856885c44d86978cee?s=96&d=mm&r=g","height":96,"width":96}},"publisher":{"@type":"Organization","name":"sais.sk","logo":{"@type":"ImageObject","@id":"\/logo.png","url":"\/logo.png","width":600,"height":60}},"image":{"@type":"ImageObject","@id":"https:\/\/www.sais.sk\/wp-content\/uploads\/img_a310368_w16891_t1582642264.jpg","url":"https:\/\/www.sais.sk\/wp-content\/uploads\/img_a310368_w16891_t1582642264.jpg","height":0,"width":0},"keywords":null}]}